{"id":20,"date":"2014-11-02T10:53:55","date_gmt":"2014-11-02T08:53:55","guid":{"rendered":"https:\/\/ehdokkaat.vihreat.fi\/minna.haavisto\/?p=20"},"modified":"2014-11-02T10:54:52","modified_gmt":"2014-11-02T08:54:52","slug":"sisailma-vai-homeongelma","status":"publish","type":"post","link":"https:\/\/ehdokkaat.vihreat.fi\/minna.haavisto\/2014\/11\/02\/sisailma-vai-homeongelma\/","title":{"rendered":"Sis\u00e4ilma- vai homeongelma?"},"content":{"rendered":"<p>(Mielipidekirjoitus julkaistu Satakunnan Kansassa 20.10.2013)<\/p>\n<p>On t\u00e4ysin vastuutonta v\u00e4itt\u00e4\u00e4, ett\u00e4 Porilaisissa kouluissa ei ole homeongelmia. Valtakunnallisen Hometalkoot-hankkeen ohjelmap\u00e4\u00e4llikk\u00f6 Juhani Pirinen on tutkinut huomattavia m\u00e4\u00e4ri\u00e4 sis\u00e4ilmaongelmaisia rakennuksia ja todennut, ett\u00e4 poikkeuksetta niist\u00e4 l\u00f6ytyy hometta, kun rakenteita avataan. Julkisuudessa kaupungin edustajat v\u00e4itt\u00e4v\u00e4t, ett\u00e4 Porilaisissa kouluissa on vain sis\u00e4ilmaongelmia, joka tarkoittaa siis sit\u00e4, ettei asiaa ole tutkittu riitt\u00e4v\u00e4sti homevaurioiden l\u00f6yt\u00e4miseksi.<\/p>\n<p>V\u00e4itteen taustalla on ilmeisesti sis\u00e4ilmamittaukset, joiden tuloksia tulkitaan v\u00e4\u00e4rin. Sis\u00e4ilmamittauksilla mitataan ilman homeiti\u00f6pitoisuutta, joka ei kuitenkaan kerro mit\u00e4\u00e4n rakennuksessa mahdollisesti olevasta, terveyshaittaa aiheuttavasta mikrobikasvustosta. Ty\u00f6terveyslaitoksen tilastolliset viitearvot (raja-arvoja ei ole olemassa), joihin tuloksia verrataan, kertovat vain sen, onko rakennuksen sis\u00e4ilman iti\u00f6pitoisuus samaa tasoa kuin valtaosassa suomalaisia rakennuksia, vai kuuluuko se siihen kymmenen prosentin joukkoon, jossa on mitattu viitearvoja korkeampia pitoisuuksia. Sis\u00e4ilmamittausten perusteella ei voida arvioida sis\u00e4ilman terveyshaittaa aiheuttavia ominaisuuksia.<\/p>\n<p>Jo kymmenen vuotta sitten on tiedetty, ett\u00e4 homevaurioiden terveyshaitta aiheutuu joidenkin homeiden ja bakteerien tuottamista toksiineista, eli myrkyist\u00e4, eik\u00e4 suinkaan iti\u00f6ist\u00e4. T\u00e4m\u00e4 on saanut vahvistuksen viimevuosien tutkimustuloksista. Toksiinit aiheuttavat vakavia terveyshaittoja ja peruuttamattomia vaurioita ihmiskehossa, joten niiden esiintymiseen rakennusten sis\u00e4ilmassa pit\u00e4isi kiinnitt\u00e4\u00e4 enemm\u00e4n huomiota. Rakenteista kannattaa siis etsi\u00e4 nimenomaan toksiinintuottajamikrobeja tai mitata sis\u00e4ilman toksisuutta siihen tarkoitukseen kehitetyll\u00e4 menetelm\u00e4ll\u00e4.<\/p>\n<p>Toksisuusmittausten tekemist\u00e4 on monesti vaikea perustella, sill\u00e4 Ty\u00f6terveyslaitos ei suosittele niit\u00e4. T\u00e4m\u00e4 on kovin kummallista, vaikka mittaustulosten on laajoissa tilastollisissa tutkimuksissa todettu korreloivan hyvin ihmisten oireilun kanssa. Sen sijaan Ty\u00f6terveyslaitos suosittelee k\u00e4ytt\u00e4m\u00e4\u00e4n sis\u00e4ilmamittauksia, joiden perusteella ei voida arvioida terveysvaaraa. Mit\u00e4 hy\u00f6ty\u00e4 on t\u00e4llaisista mittauksista? N\u00e4ytt\u00e4isi silt\u00e4, ett\u00e4 pitk\u00e4j\u00e4nteisen ty\u00f6ns\u00e4 tuloksena Ty\u00f6terveyslaitos on saanut kehitetty\u00e4 tutkimusmenetelm\u00e4t ja niiden tulosten tulkinnat sellaisiksi, ettei niiden perusteella voida osoittaa rakennuksen ja sairastumisten v\u00e4list\u00e4 yhteytt\u00e4. N\u00e4in voidaan varmistaa, ett\u00e4 vakuutusl\u00e4\u00e4k\u00e4reill\u00e4 on aina mahdollisuus kiist\u00e4\u00e4 ammattitautiep\u00e4ilyt. Toksisuusmittauksethan pilaisivat t\u00e4m\u00e4n hienon j\u00e4rjestelm\u00e4n, sill\u00e4 vankkaan tieteelliseen n\u00e4ytt\u00f6\u00f6n perustuvan testin tuloksia olisi vaikea kyseenalaistaa.<\/p>\n<p>Toivon kaupungin edustajien kantavan vastuunsa niin lasten kuin opettajienkin terveydest\u00e4 ja perehtyv\u00e4n asiaan sen vaatimalla vakavuudella. Ty\u00f6terveyslaitos ei ole viranomainen, eik\u00e4 sill\u00e4 ole valtuuksia m\u00e4\u00e4ritell\u00e4 miten rakennuksia tulee tutkia. Sill\u00e4 ei my\u00f6sk\u00e4\u00e4n ole valtuuksia m\u00e4\u00e4ritell\u00e4 mink\u00e4\u00e4nlaisia raja-arvoja mittaustuloksille. Tutkimuksia on siis teht\u00e4v\u00e4 niin kauan, ja sellaisilla menetelmill\u00e4, ett\u00e4 ongelmia aiheuttavat homevauriot saadaan esiin. Vain homeongelma voidaan korjata.<\/p>\n","protected":false},"excerpt":{"rendered":"<p>(Mielipidekirjoitus julkaistu Satakunnan Kansassa 20.10.2013) On t\u00e4ysin vastuutonta v\u00e4itt\u00e4\u00e4, ett\u00e4 Porilaisissa kouluissa ei ole homeongelmia. Valtakunnallisen Hometalkoot-hankkeen ohjelmap\u00e4\u00e4llikk\u00f6 Juhani Pirinen on tutkinut huomattavia m\u00e4\u00e4ri\u00e4 sis\u00e4ilmaongelmaisia rakennuksia ja todennut, ett\u00e4 poikkeuksetta niist\u00e4 l\u00f6ytyy hometta, kun rakenteita avataan. Julkisuudessa kaupungin edustajat v\u00e4itt\u00e4v\u00e4t, ett\u00e4 Porilaisissa kouluissa on vain sis\u00e4ilmaongelmia, joka tarkoittaa siis sit\u00e4, ettei asiaa ole tutkittu riitt\u00e4v\u00e4sti [&hellip;]<\/p>\n","protected":false},"author":535,"featured_media":0,"comment_status":"open","ping_status":"open","sticky":false,"template":"","format":"standard","meta":{"_et_pb_use_builder":"","_et_pb_old_content":"","_et_gb_content_width":"","footnotes":""},"categories":[3],"tags":[],"class_list":["post-20","post","type-post","status-publish","format-standard","hentry","category-mielipidekirjoitukset"],"_links":{"self":[{"href":"https:\/\/ehdokkaat.vihreat.fi\/minna.haavisto\/wp-json\/wp\/v2\/posts\/20","targetHints":{"allow":["GET"]}}],"collection":[{"href":"https:\/\/ehdokkaat.vihreat.fi\/minna.haavisto\/wp-json\/wp\/v2\/posts"}],"about":[{"href":"https:\/\/ehdokkaat.vihreat.fi\/minna.haavisto\/wp-json\/wp\/v2\/types\/post"}],"author":[{"embeddable":true,"href":"https:\/\/ehdokkaat.vihreat.fi\/minna.haavisto\/wp-json\/wp\/v2\/users\/535"}],"replies":[{"embeddable":true,"href":"https:\/\/ehdokkaat.vihreat.fi\/minna.haavisto\/wp-json\/wp\/v2\/comments?post=20"}],"version-history":[{"count":1,"href":"https:\/\/ehdokkaat.vihreat.fi\/minna.haavisto\/wp-json\/wp\/v2\/posts\/20\/revisions"}],"predecessor-version":[{"id":21,"href":"https:\/\/ehdokkaat.vihreat.fi\/minna.haavisto\/wp-json\/wp\/v2\/posts\/20\/revisions\/21"}],"wp:attachment":[{"href":"https:\/\/ehdokkaat.vihreat.fi\/minna.haavisto\/wp-json\/wp\/v2\/media?parent=20"}],"wp:term":[{"taxonomy":"category","embeddable":true,"href":"https:\/\/ehdokkaat.vihreat.fi\/minna.haavisto\/wp-json\/wp\/v2\/categories?post=20"},{"taxonomy":"post_tag","embeddable":true,"href":"https:\/\/ehdokkaat.vihreat.fi\/minna.haavisto\/wp-json\/wp\/v2\/tags?post=20"}],"curies":[{"name":"wp","href":"https:\/\/api.w.org\/{rel}","templated":true}]}}