{"id":46,"date":"2014-12-18T10:33:03","date_gmt":"2014-12-18T08:33:03","guid":{"rendered":"https:\/\/ehdokkaat.vihreat.fi\/minna.haavisto\/?p=46"},"modified":"2014-12-18T10:33:03","modified_gmt":"2014-12-18T08:33:03","slug":"miksi-yhteiskuntamme-antaa-lastemme-sairastua-sisailmaongelmaisissa-kouluissa","status":"publish","type":"post","link":"https:\/\/ehdokkaat.vihreat.fi\/minna.haavisto\/2014\/12\/18\/miksi-yhteiskuntamme-antaa-lastemme-sairastua-sisailmaongelmaisissa-kouluissa\/","title":{"rendered":"Miksi yhteiskuntamme antaa lastemme sairastua sis\u00e4ilmaongelmaisissa kouluissa?"},"content":{"rendered":"<p>Kysymys on p\u00e4\u00e4asiassa poliittinen. Politiikka on yhteiskuntamme asioiden laittamista t\u00e4rkeysj\u00e4rjestykseen. Nykyisin vallalla olevat poliittiset arvot asettavat kiinteist\u00f6jen arvon yll\u00e4pit\u00e4misen ihmisten terveyden suojelun edelle. Homeongelmista eiv\u00e4t k\u00e4rsi vain koulut, vaan ongelma on laaja my\u00f6s yksityisell\u00e4 kiinteist\u00f6puolella. Julkisuuteen on tietoisesti nostettu koulut, koska niiden ongelmien k\u00e4sittely\u00e4 voidaan hyvin perustein vaatia julkiseksi. Yksityisten rakennusten ongelmat ovat tarkoin varjeltuja yksityisasioita, eik\u00e4 niit\u00e4 ruodita julkisuudessa.<\/p>\n<p>Yhteiskunnassamme kansalaisten terveytt\u00e4 voidaan suojella lakien ja asetusten avulla. N\u00e4ill\u00e4 voidaan m\u00e4\u00e4ritell\u00e4 enimm\u00e4ism\u00e4\u00e4ri\u00e4 erilaisille terveyshaittojen aiheuttajille, joille ihmiset ymp\u00e4rist\u00f6ss\u00e4\u00e4n altistuvat. N\u00e4m\u00e4 raja-arvot asetetaan p\u00e4\u00e4osin tutkimustiedon pohjalta. Tutkimusta voidaan kuitenkin my\u00f6s ohjata joko poliittisten tai taloudellisten tavoitteiden mukaan. T\u00e4ll\u00e4 hetkell\u00e4 sek\u00e4 poliittinen ett\u00e4 taloudellinen ohjaus pyrkii siihen, ettei terveyshaittoja aiheuttavia ongelmia l\u00f6ydet\u00e4. Taloudellisesti tilanteesta hy\u00f6tyv\u00e4t l\u00e4hinn\u00e4 kiinteist\u00f6-, l\u00e4\u00e4ke- ja vakuutusyhti\u00f6t.<\/p>\n<p>Yleisesti ottaen tutkimustieto lis\u00e4\u00e4ntyy yhteiskunnassamme vauhdilla ja nyky\u00e4\u00e4n politiikassa onkin helppoa p\u00e4\u00e4tt\u00e4\u00e4 ensin p\u00e4\u00e4m\u00e4\u00e4r\u00e4 ja etsi\u00e4 sitten siihen sopiva teoria perusteluksi. Sis\u00e4ilmaongelmien kohdalla n\u00e4ytt\u00e4isi silt\u00e4, ett\u00e4 Sosiaali- ja terveysministeri\u00f6 on valinnut vallitsevaan poliittiseen ilmapiiriin sopivaksi teoriaksi Ty\u00f6terveyslaitoksen neurologin Markku Sainion esitt\u00e4m\u00e4n arvion siit\u00e4, ett\u00e4 sis\u00e4ilmaoireilu olisi p\u00e4\u00e4osin psykosomaattista. T\u00e4m\u00e4n teorian perusteella terveysongelmien syy voidaan vieritt\u00e4\u00e4 rakennuksen omistajan harteilta oireilevalle itselleen. Terveysongelma onkin siis vain oireilevan korvien v\u00e4liss\u00e4.<\/p>\n<p>On my\u00f6s olemassa paljon tutkimustietoa, joka ei tue t\u00e4t\u00e4 p\u00e4\u00e4telm\u00e4\u00e4. Tieteellinen, yliopistoissa tehty tutkimus kertoo itseasiassa aivan p\u00e4invastaista. Homeista ja niiden terveyshaitoista on olemassa runsaasti tieteellist\u00e4 n\u00e4ytt\u00f6\u00e4. Teknisell\u00e4 puolellakin on runsaasti tutkimustietoa kosteus- ja homevaurioista ja niiden synnyst\u00e4. Tieteellinen tutkimustieto voidaan kuitenkin poliittisin p\u00e4\u00e4t\u00f6ksin sulkea kokonaan lains\u00e4\u00e4d\u00e4nn\u00f6n ja terveysvalvonnan ulkopuolelle. Toisaalta, on my\u00f6s mahdollista tehd\u00e4 toisenlaisia poliittisia p\u00e4\u00e4t\u00f6ksi\u00e4.<\/p>\n<p>Meill\u00e4 on rakennusten homeongelmien suhteen valittavana vain huonoja vaihtoehtoja. Joko valtava m\u00e4\u00e4r\u00e4 suomalaisia rakennuksia menett\u00e4\u00e4 arvonsa tai kokonainen sukupolvi menett\u00e4\u00e4 terveytens\u00e4. Kumman sin\u00e4 valitset?<\/p>\n","protected":false},"excerpt":{"rendered":"<p>Kysymys on p\u00e4\u00e4asiassa poliittinen. Politiikka on yhteiskuntamme asioiden laittamista t\u00e4rkeysj\u00e4rjestykseen. Nykyisin vallalla olevat poliittiset arvot asettavat kiinteist\u00f6jen arvon yll\u00e4pit\u00e4misen ihmisten terveyden suojelun edelle. Homeongelmista eiv\u00e4t k\u00e4rsi vain koulut, vaan ongelma on laaja my\u00f6s yksityisell\u00e4 kiinteist\u00f6puolella. Julkisuuteen on tietoisesti nostettu koulut, koska niiden ongelmien k\u00e4sittely\u00e4 voidaan hyvin perustein vaatia julkiseksi. Yksityisten rakennusten ongelmat ovat tarkoin varjeltuja [&hellip;]<\/p>\n","protected":false},"author":535,"featured_media":0,"comment_status":"open","ping_status":"open","sticky":false,"template":"","format":"standard","meta":{"_et_pb_use_builder":"","_et_pb_old_content":"","_et_gb_content_width":"","footnotes":""},"categories":[2],"tags":[],"class_list":["post-46","post","type-post","status-publish","format-standard","hentry","category-blogi"],"_links":{"self":[{"href":"https:\/\/ehdokkaat.vihreat.fi\/minna.haavisto\/wp-json\/wp\/v2\/posts\/46","targetHints":{"allow":["GET"]}}],"collection":[{"href":"https:\/\/ehdokkaat.vihreat.fi\/minna.haavisto\/wp-json\/wp\/v2\/posts"}],"about":[{"href":"https:\/\/ehdokkaat.vihreat.fi\/minna.haavisto\/wp-json\/wp\/v2\/types\/post"}],"author":[{"embeddable":true,"href":"https:\/\/ehdokkaat.vihreat.fi\/minna.haavisto\/wp-json\/wp\/v2\/users\/535"}],"replies":[{"embeddable":true,"href":"https:\/\/ehdokkaat.vihreat.fi\/minna.haavisto\/wp-json\/wp\/v2\/comments?post=46"}],"version-history":[{"count":1,"href":"https:\/\/ehdokkaat.vihreat.fi\/minna.haavisto\/wp-json\/wp\/v2\/posts\/46\/revisions"}],"predecessor-version":[{"id":47,"href":"https:\/\/ehdokkaat.vihreat.fi\/minna.haavisto\/wp-json\/wp\/v2\/posts\/46\/revisions\/47"}],"wp:attachment":[{"href":"https:\/\/ehdokkaat.vihreat.fi\/minna.haavisto\/wp-json\/wp\/v2\/media?parent=46"}],"wp:term":[{"taxonomy":"category","embeddable":true,"href":"https:\/\/ehdokkaat.vihreat.fi\/minna.haavisto\/wp-json\/wp\/v2\/categories?post=46"},{"taxonomy":"post_tag","embeddable":true,"href":"https:\/\/ehdokkaat.vihreat.fi\/minna.haavisto\/wp-json\/wp\/v2\/tags?post=46"}],"curies":[{"name":"wp","href":"https:\/\/api.w.org\/{rel}","templated":true}]}}